{"id":158466,"date":"2026-01-27T11:31:51","date_gmt":"2026-01-27T11:31:51","guid":{"rendered":"https:\/\/cekt.ro\/?p=158466"},"modified":"2026-01-27T11:31:52","modified_gmt":"2026-01-27T11:31:52","slug":"from-today-we-are-knowledge-tree-international-school-2","status":"publish","type":"post","link":"https:\/\/cekt.ro\/en\/from-today-we-are-knowledge-tree-international-school-2\/","title":{"rendered":"From today, we are Knowledge Tree International School."},"content":{"rendered":"<div class=\"wpb-content-wrapper\"><p>[vc_row][vc_column width=&#8221;1\/1&#8243;][vc_column_text text_lead=&#8221;yes&#8221; uncode_shortcode_id=&#8221;603395&#8243;]<\/p>\n<p class=\"p1\">There are moments when you simply feel that you\u2019ve arrived exactly where you\u2019re meant to be \u2014 when all the effort, all the emotions, and all the sleepless nights finally make sense, and the dream that kept them alive takes root in reality. I am living one of those moments, and it is, without a doubt, sublime.<\/p>\n<p class=\"p1\">Together with the wonderful Knowledge Tree community, I am deeply happy to share that Knowledge Tree Educational Center has officially received approval from Cambridge International.<\/p>\n<p class=\"p1\">Starting October 31st, 2025, we proudly bear the name <b>Knowledge Tree International School<\/b> \u2014 part of a global community of learning, growth, and excellence.<\/p>\n<p class=\"p1\">This recognition is more than a title. It is the confirmation of a vision we have nurtured with patience and love \u2014 a school that connects knowledge with heart, where children learn to understand the world so that, one day, they can change it.<\/p>\n<p class=\"p1\">Our story began six years ago with a small seed planted in a time of uncertainty \u2014 in the middle of a world learning to reconnect and to care for one another, even from a distance. From that seed grew a community built on trust, curiosity, and courage.<\/p>\n<p class=\"p1\">With the achievement of becoming an official <b>Cambridge International School<\/b>, our students will now follow a globally recognised educational pathway that helps them grow into confident, responsible, reflective, innovative, and engaged learners.<\/p>\n<p class=\"p1\">At the same time, we will continue to nurture our Romanian roots, staying true to our values of community, authenticity, and joy in learning.<\/p>\n<p class=\"p1\">To our mentors, teachers, and collaborators \u2014 past and present: thank you for your dedication and belief in this shared dream.<br \/>\nTo our parents: thank you for the trust with which you allow us to grow together with your children.<br \/>\nAnd to our students: thank you for the energy, curiosity, and joy you bring to school every single day.<\/p>\n<p class=\"p1\">The Knowledge Tree continues to grow \u2014 and from now on, it grows internationally.<\/p>\n<p class=\"p1\">With great joy,<br \/>\n<b>Monica Cojan<\/b> \u2013 Founder of the Knowledge Tree Community, Educational Director &amp; Mentor at <b>Knowledge Tree International School<\/b><\/p>\n<p><img decoding=\"async\" class=\"aligncenter wp-image-146571 size-large\" src=\"https:\/\/cekt.ro\/wp-content\/uploads\/2025\/11\/letter-of-approval-752x1024.webp\" alt=\"\" width=\"752\" height=\"1024\" \/>[\/vc_column_text][\/vc_column][\/vc_row]<\/p>\n<\/div>","protected":false},"excerpt":{"rendered":"<p>We continue to offer an international education \u2014 now officially recognized by Cambridge International Education, part of the University of Cambridge.<\/p>\n","protected":false},"author":2,"featured_media":158473,"comment_status":"open","ping_status":"open","sticky":false,"template":"","format":"standard","meta":{"footnotes":"","_et_pb_custom_css":""},"categories":[176,176],"tags":[],"class_list":["post-158466","post","type-post","status-publish","format-standard","has-post-thumbnail","hentry","category-life-at-cekt"],"_et_pb_custom_css":"","yoast_head":"<!-- This site is optimized with the Yoast SEO plugin v26.7 - https:\/\/yoast.com\/wordpress\/plugins\/seo\/ -->\n<title>From today, we are Knowledge Tree International School. - Comunitatea Educa\u021bional\u0103 Knowledge Tree<\/title>\n<meta name=\"robots\" content=\"index, follow, max-snippet:-1, max-image-preview:large, max-video-preview:-1\" \/>\n<link rel=\"canonical\" href=\"https:\/\/cekt.ro\/en\/from-today-we-are-knowledge-tree-international-school-2\/\" \/>\n<meta property=\"og:locale\" content=\"en_US\" \/>\n<meta property=\"og:type\" content=\"article\" \/>\n<meta property=\"og:title\" content=\"From today, we are Knowledge Tree International School. - Comunitatea Educa\u021bional\u0103 Knowledge Tree\" \/>\n<meta property=\"og:description\" content=\"We continue to offer an international education \u2014 now officially recognized by Cambridge International Education, part of the University of Cambridge.\" \/>\n<meta property=\"og:url\" content=\"https:\/\/cekt.ro\/en\/from-today-we-are-knowledge-tree-international-school-2\/\" \/>\n<meta property=\"og:site_name\" content=\"Comunitatea Educa\u021bional\u0103 Knowledge Tree\" \/>\n<meta property=\"article:publisher\" content=\"https:\/\/www.facebook.com\/CEKTBRASOV\/\" \/>\n<meta property=\"article:published_time\" content=\"2026-01-27T11:31:51+00:00\" \/>\n<meta property=\"article:modified_time\" content=\"2026-01-27T11:31:52+00:00\" \/>\n<meta property=\"og:image\" content=\"https:\/\/cekt.ro\/wp-content\/uploads\/2026\/01\/cekt.ro-Facebook-Post.webp\" \/>\n\t<meta property=\"og:image:width\" content=\"940\" \/>\n\t<meta property=\"og:image:height\" content=\"788\" \/>\n\t<meta property=\"og:image:type\" content=\"image\/jpeg\" \/>\n<meta name=\"author\" content=\"Echipa CEKT\" \/>\n<meta name=\"twitter:card\" content=\"summary_large_image\" \/>\n<meta name=\"twitter:label1\" content=\"Written by\" \/>\n\t<meta name=\"twitter:data1\" content=\"Echipa CEKT\" \/>\n\t<meta name=\"twitter:label2\" content=\"Est. reading time\" \/>\n\t<meta name=\"twitter:data2\" content=\"2 minutes\" \/>\n<script type=\"application\/ld+json\" class=\"yoast-schema-graph\">{\"@context\":\"https:\/\/schema.org\",\"@graph\":[{\"@type\":\"Article\",\"@id\":\"https:\/\/cekt.ro\/en\/from-today-we-are-knowledge-tree-international-school-2\/#article\",\"isPartOf\":{\"@id\":\"https:\/\/cekt.ro\/en\/from-today-we-are-knowledge-tree-international-school-2\/\"},\"author\":{\"name\":\"Echipa CEKT\",\"@id\":\"https:\/\/cekt.ro\/en\/#\/schema\/person\/eaed9af36267575f59d45ce655d2a1d4\"},\"headline\":\"From today, we are Knowledge Tree International School.\",\"datePublished\":\"2026-01-27T11:31:51+00:00\",\"dateModified\":\"2026-01-27T11:31:52+00:00\",\"mainEntityOfPage\":{\"@id\":\"https:\/\/cekt.ro\/en\/from-today-we-are-knowledge-tree-international-school-2\/\"},\"wordCount\":371,\"commentCount\":0,\"publisher\":{\"@id\":\"https:\/\/cekt.ro\/en\/#organization\"},\"image\":{\"@id\":\"https:\/\/cekt.ro\/en\/from-today-we-are-knowledge-tree-international-school-2\/#primaryimage\"},\"thumbnailUrl\":\"https:\/\/cekt.ro\/wp-content\/uploads\/2026\/01\/cekt.ro-Facebook-Post.webp\",\"articleSection\":[\"Life at CEKT\",\"Life at CEKT\"],\"inLanguage\":\"en-US\",\"potentialAction\":[{\"@type\":\"CommentAction\",\"name\":\"Comment\",\"target\":[\"https:\/\/cekt.ro\/en\/from-today-we-are-knowledge-tree-international-school-2\/#respond\"]}]},{\"@type\":\"WebPage\",\"@id\":\"https:\/\/cekt.ro\/en\/from-today-we-are-knowledge-tree-international-school-2\/\",\"url\":\"https:\/\/cekt.ro\/en\/from-today-we-are-knowledge-tree-international-school-2\/\",\"name\":\"From today, we are Knowledge Tree International School. - Comunitatea Educa\u021bional\u0103 Knowledge Tree\",\"isPartOf\":{\"@id\":\"https:\/\/cekt.ro\/en\/#website\"},\"primaryImageOfPage\":{\"@id\":\"https:\/\/cekt.ro\/en\/from-today-we-are-knowledge-tree-international-school-2\/#primaryimage\"},\"image\":{\"@id\":\"https:\/\/cekt.ro\/en\/from-today-we-are-knowledge-tree-international-school-2\/#primaryimage\"},\"thumbnailUrl\":\"https:\/\/cekt.ro\/wp-content\/uploads\/2026\/01\/cekt.ro-Facebook-Post.webp\",\"datePublished\":\"2026-01-27T11:31:51+00:00\",\"dateModified\":\"2026-01-27T11:31:52+00:00\",\"breadcrumb\":{\"@id\":\"https:\/\/cekt.ro\/en\/from-today-we-are-knowledge-tree-international-school-2\/#breadcrumb\"},\"inLanguage\":\"en-US\",\"potentialAction\":[{\"@type\":\"ReadAction\",\"target\":[\"https:\/\/cekt.ro\/en\/from-today-we-are-knowledge-tree-international-school-2\/\"]}]},{\"@type\":\"ImageObject\",\"inLanguage\":\"en-US\",\"@id\":\"https:\/\/cekt.ro\/en\/from-today-we-are-knowledge-tree-international-school-2\/#primaryimage\",\"url\":\"https:\/\/cekt.ro\/wp-content\/uploads\/2026\/01\/cekt.ro-Facebook-Post.webp\",\"contentUrl\":\"https:\/\/cekt.ro\/wp-content\/uploads\/2026\/01\/cekt.ro-Facebook-Post.webp\",\"width\":940,\"height\":788},{\"@type\":\"BreadcrumbList\",\"@id\":\"https:\/\/cekt.ro\/en\/from-today-we-are-knowledge-tree-international-school-2\/#breadcrumb\",\"itemListElement\":[{\"@type\":\"ListItem\",\"position\":1,\"name\":\"Home\",\"item\":\"https:\/\/cekt.ro\/en\/\"},{\"@type\":\"ListItem\",\"position\":2,\"name\":\"From today, we are Knowledge Tree International School.\"}]},{\"@type\":\"WebSite\",\"@id\":\"https:\/\/cekt.ro\/en\/#website\",\"url\":\"https:\/\/cekt.ro\/en\/\",\"name\":\"Comunitatea Educa\u021bional\u0103 Knowledge Tree - \u0218coal\u0103 alternativ\u0103 cu program\u0103 britanic\u0103 \u00een Bra\u0219ov\",\"description\":\"Alternativ\u0103 Educa\u021bional\u0103 Holistic\u0103\",\"publisher\":{\"@id\":\"https:\/\/cekt.ro\/en\/#organization\"},\"potentialAction\":[{\"@type\":\"SearchAction\",\"target\":{\"@type\":\"EntryPoint\",\"urlTemplate\":\"https:\/\/cekt.ro\/en\/?s={search_term_string}\"},\"query-input\":{\"@type\":\"PropertyValueSpecification\",\"valueRequired\":true,\"valueName\":\"search_term_string\"}}],\"inLanguage\":\"en-US\"},{\"@type\":\"Organization\",\"@id\":\"https:\/\/cekt.ro\/en\/#organization\",\"name\":\"Comunitatea Educa\u021bional\u0103 Knowledge Tree\",\"url\":\"https:\/\/cekt.ro\/en\/\",\"logo\":{\"@type\":\"ImageObject\",\"inLanguage\":\"en-US\",\"@id\":\"https:\/\/cekt.ro\/en\/#\/schema\/logo\/image\/\",\"url\":\"https:\/\/cekt.ro\/wp-content\/uploads\/2025\/04\/CEKT-CLEAN.webp\",\"contentUrl\":\"https:\/\/cekt.ro\/wp-content\/uploads\/2025\/04\/CEKT-CLEAN.webp\",\"width\":2446,\"height\":1889,\"caption\":\"Comunitatea Educa\u021bional\u0103 Knowledge Tree\"},\"image\":{\"@id\":\"https:\/\/cekt.ro\/en\/#\/schema\/logo\/image\/\"},\"sameAs\":[\"https:\/\/www.facebook.com\/CEKTBRASOV\/\",\"https:\/\/www.instagram.com\/cekt_brasov\",\"https:\/\/www.linkedin.com\/company\/cekt\/\",\"https:\/\/www.tiktok.com\/@monicacojan75\"]},{\"@type\":\"Person\",\"@id\":\"https:\/\/cekt.ro\/en\/#\/schema\/person\/eaed9af36267575f59d45ce655d2a1d4\",\"name\":\"Echipa CEKT\",\"image\":{\"@type\":\"ImageObject\",\"inLanguage\":\"en-US\",\"@id\":\"https:\/\/cekt.ro\/en\/#\/schema\/person\/image\/\",\"url\":\"https:\/\/cekt.ro\/wp-content\/uploads\/2025\/04\/CEKT-CLEAN-100x100.webp\",\"contentUrl\":\"https:\/\/cekt.ro\/wp-content\/uploads\/2025\/04\/CEKT-CLEAN-100x100.webp\",\"caption\":\"Echipa CEKT\"},\"sameAs\":[\"https:\/\/suuna.org\"],\"url\":\"https:\/\/cekt.ro\/en\/author\/dana\/\"}]}<\/script>\n<!-- \/ Yoast SEO plugin. -->","yoast_head_json":{"title":"From today, we are Knowledge Tree International School. - Comunitatea Educa\u021bional\u0103 Knowledge Tree","robots":{"index":"index","follow":"follow","max-snippet":"max-snippet:-1","max-image-preview":"max-image-preview:large","max-video-preview":"max-video-preview:-1"},"canonical":"https:\/\/cekt.ro\/en\/from-today-we-are-knowledge-tree-international-school-2\/","og_locale":"en_US","og_type":"article","og_title":"From today, we are Knowledge Tree International School. - Comunitatea Educa\u021bional\u0103 Knowledge Tree","og_description":"We continue to offer an international education \u2014 now officially recognized by Cambridge International Education, part of the University of Cambridge.","og_url":"https:\/\/cekt.ro\/en\/from-today-we-are-knowledge-tree-international-school-2\/","og_site_name":"Comunitatea Educa\u021bional\u0103 Knowledge Tree","article_publisher":"https:\/\/www.facebook.com\/CEKTBRASOV\/","article_published_time":"2026-01-27T11:31:51+00:00","article_modified_time":"2026-01-27T11:31:52+00:00","og_image":[{"width":940,"height":788,"url":"https:\/\/cekt.ro\/wp-content\/uploads\/2026\/01\/cekt.ro-Facebook-Post.webp","type":"image\/jpeg"}],"author":"Echipa CEKT","twitter_card":"summary_large_image","twitter_misc":{"Written by":"Echipa CEKT","Est. reading time":"2 minutes"},"schema":{"@context":"https:\/\/schema.org","@graph":[{"@type":"Article","@id":"https:\/\/cekt.ro\/en\/from-today-we-are-knowledge-tree-international-school-2\/#article","isPartOf":{"@id":"https:\/\/cekt.ro\/en\/from-today-we-are-knowledge-tree-international-school-2\/"},"author":{"name":"Echipa CEKT","@id":"https:\/\/cekt.ro\/en\/#\/schema\/person\/eaed9af36267575f59d45ce655d2a1d4"},"headline":"From today, we are Knowledge Tree International School.","datePublished":"2026-01-27T11:31:51+00:00","dateModified":"2026-01-27T11:31:52+00:00","mainEntityOfPage":{"@id":"https:\/\/cekt.ro\/en\/from-today-we-are-knowledge-tree-international-school-2\/"},"wordCount":371,"commentCount":0,"publisher":{"@id":"https:\/\/cekt.ro\/en\/#organization"},"image":{"@id":"https:\/\/cekt.ro\/en\/from-today-we-are-knowledge-tree-international-school-2\/#primaryimage"},"thumbnailUrl":"https:\/\/cekt.ro\/wp-content\/uploads\/2026\/01\/cekt.ro-Facebook-Post.webp","articleSection":["Life at CEKT","Life at CEKT"],"inLanguage":"en-US","potentialAction":[{"@type":"CommentAction","name":"Comment","target":["https:\/\/cekt.ro\/en\/from-today-we-are-knowledge-tree-international-school-2\/#respond"]}]},{"@type":"WebPage","@id":"https:\/\/cekt.ro\/en\/from-today-we-are-knowledge-tree-international-school-2\/","url":"https:\/\/cekt.ro\/en\/from-today-we-are-knowledge-tree-international-school-2\/","name":"From today, we are Knowledge Tree International School. - Comunitatea Educa\u021bional\u0103 Knowledge Tree","isPartOf":{"@id":"https:\/\/cekt.ro\/en\/#website"},"primaryImageOfPage":{"@id":"https:\/\/cekt.ro\/en\/from-today-we-are-knowledge-tree-international-school-2\/#primaryimage"},"image":{"@id":"https:\/\/cekt.ro\/en\/from-today-we-are-knowledge-tree-international-school-2\/#primaryimage"},"thumbnailUrl":"https:\/\/cekt.ro\/wp-content\/uploads\/2026\/01\/cekt.ro-Facebook-Post.webp","datePublished":"2026-01-27T11:31:51+00:00","dateModified":"2026-01-27T11:31:52+00:00","breadcrumb":{"@id":"https:\/\/cekt.ro\/en\/from-today-we-are-knowledge-tree-international-school-2\/#breadcrumb"},"inLanguage":"en-US","potentialAction":[{"@type":"ReadAction","target":["https:\/\/cekt.ro\/en\/from-today-we-are-knowledge-tree-international-school-2\/"]}]},{"@type":"ImageObject","inLanguage":"en-US","@id":"https:\/\/cekt.ro\/en\/from-today-we-are-knowledge-tree-international-school-2\/#primaryimage","url":"https:\/\/cekt.ro\/wp-content\/uploads\/2026\/01\/cekt.ro-Facebook-Post.webp","contentUrl":"https:\/\/cekt.ro\/wp-content\/uploads\/2026\/01\/cekt.ro-Facebook-Post.webp","width":940,"height":788},{"@type":"BreadcrumbList","@id":"https:\/\/cekt.ro\/en\/from-today-we-are-knowledge-tree-international-school-2\/#breadcrumb","itemListElement":[{"@type":"ListItem","position":1,"name":"Home","item":"https:\/\/cekt.ro\/en\/"},{"@type":"ListItem","position":2,"name":"From today, we are Knowledge Tree International School."}]},{"@type":"WebSite","@id":"https:\/\/cekt.ro\/en\/#website","url":"https:\/\/cekt.ro\/en\/","name":"Comunitatea Educa\u021bional\u0103 Knowledge Tree - \u0218coal\u0103 alternativ\u0103 cu program\u0103 britanic\u0103 \u00een Bra\u0219ov","description":"Alternativ\u0103 Educa\u021bional\u0103 Holistic\u0103","publisher":{"@id":"https:\/\/cekt.ro\/en\/#organization"},"potentialAction":[{"@type":"SearchAction","target":{"@type":"EntryPoint","urlTemplate":"https:\/\/cekt.ro\/en\/?s={search_term_string}"},"query-input":{"@type":"PropertyValueSpecification","valueRequired":true,"valueName":"search_term_string"}}],"inLanguage":"en-US"},{"@type":"Organization","@id":"https:\/\/cekt.ro\/en\/#organization","name":"Comunitatea Educa\u021bional\u0103 Knowledge Tree","url":"https:\/\/cekt.ro\/en\/","logo":{"@type":"ImageObject","inLanguage":"en-US","@id":"https:\/\/cekt.ro\/en\/#\/schema\/logo\/image\/","url":"https:\/\/cekt.ro\/wp-content\/uploads\/2025\/04\/CEKT-CLEAN.webp","contentUrl":"https:\/\/cekt.ro\/wp-content\/uploads\/2025\/04\/CEKT-CLEAN.webp","width":2446,"height":1889,"caption":"Comunitatea Educa\u021bional\u0103 Knowledge Tree"},"image":{"@id":"https:\/\/cekt.ro\/en\/#\/schema\/logo\/image\/"},"sameAs":["https:\/\/www.facebook.com\/CEKTBRASOV\/","https:\/\/www.instagram.com\/cekt_brasov","https:\/\/www.linkedin.com\/company\/cekt\/","https:\/\/www.tiktok.com\/@monicacojan75"]},{"@type":"Person","@id":"https:\/\/cekt.ro\/en\/#\/schema\/person\/eaed9af36267575f59d45ce655d2a1d4","name":"Echipa CEKT","image":{"@type":"ImageObject","inLanguage":"en-US","@id":"https:\/\/cekt.ro\/en\/#\/schema\/person\/image\/","url":"https:\/\/cekt.ro\/wp-content\/uploads\/2025\/04\/CEKT-CLEAN-100x100.webp","contentUrl":"https:\/\/cekt.ro\/wp-content\/uploads\/2025\/04\/CEKT-CLEAN-100x100.webp","caption":"Echipa CEKT"},"sameAs":["https:\/\/suuna.org"],"url":"https:\/\/cekt.ro\/en\/author\/dana\/"}]}},"_links":{"self":[{"href":"https:\/\/cekt.ro\/en\/wp-json\/wp\/v2\/posts\/158466","targetHints":{"allow":["GET"]}}],"collection":[{"href":"https:\/\/cekt.ro\/en\/wp-json\/wp\/v2\/posts"}],"about":[{"href":"https:\/\/cekt.ro\/en\/wp-json\/wp\/v2\/types\/post"}],"author":[{"embeddable":true,"href":"https:\/\/cekt.ro\/en\/wp-json\/wp\/v2\/users\/2"}],"replies":[{"embeddable":true,"href":"https:\/\/cekt.ro\/en\/wp-json\/wp\/v2\/comments?post=158466"}],"version-history":[{"count":1,"href":"https:\/\/cekt.ro\/en\/wp-json\/wp\/v2\/posts\/158466\/revisions"}],"predecessor-version":[{"id":158467,"href":"https:\/\/cekt.ro\/en\/wp-json\/wp\/v2\/posts\/158466\/revisions\/158467"}],"wp:featuredmedia":[{"embeddable":true,"href":"https:\/\/cekt.ro\/en\/wp-json\/wp\/v2\/media\/158473"}],"wp:attachment":[{"href":"https:\/\/cekt.ro\/en\/wp-json\/wp\/v2\/media?parent=158466"}],"wp:term":[{"taxonomy":"category","embeddable":true,"href":"https:\/\/cekt.ro\/en\/wp-json\/wp\/v2\/categories?post=158466"},{"taxonomy":"post_tag","embeddable":true,"href":"https:\/\/cekt.ro\/en\/wp-json\/wp\/v2\/tags?post=158466"}],"curies":[{"name":"wp","href":"https:\/\/api.w.org\/{rel}","templated":true}]}}